{"id":19182,"date":"2026-08-31T05:12:48","date_gmt":"2026-08-31T08:12:48","guid":{"rendered":"https:\/\/rtmedical.com.br\/tmp-es-1788163968044\/"},"modified":"2026-08-31T05:12:56","modified_gmt":"2026-08-31T08:12:56","slug":"rm-firma-eoad-demencia-precoz","status":"publish","type":"post","link":"https:\/\/rtmedical.com.br\/es\/rm-firma-eoad-demencia-precoz\/","title":{"rendered":"RM predice qui\u00e9n pasa del DCL a la demencia"},"content":{"rendered":"<p>Un mapa de atrofia cortical aplicado a la resonancia magn\u00e9tica estructural de rutina logr\u00f3 predecir <strong>cu\u00e1ndo<\/strong> \u2014 y no solo si \u2014 una persona con deterioro cognitivo leve (DCL) por enfermedad de Alzheimer de inicio precoz progresar\u00e1 a demencia. El estudio, publicado el 26 de agosto de 2026 en <em>Neurology<\/em>, mostr\u00f3 que cada desviaci\u00f3n est\u00e1ndar adicional de atrofia dentro de la llamada firma EOAD elev\u00f3 1,24 veces el riesgo de progresi\u00f3n, con valor pron\u00f3stico independiente de la gravedad cl\u00ednica inicial. Para quien trabaja con imagen el mensaje es directo: la RM que ya forma parte del estudio de demencia contiene informaci\u00f3n cuantitativa que un informe puramente descriptivo desperdicia.<\/p>\n<h2>Qu\u00e9 es la firma EOAD<\/h2>\n<p>La firma EOAD (<em>early-onset Alzheimer&#8217;s disease<\/em>) no es un examen nuevo ni exige una secuencia ex\u00f3tica. Es un mapa \u2014 una m\u00e1scara anat\u00f3mica \u2014 que se aplica sobre la RM volum\u00e9trica ponderada en T1 que la mayor\u00eda de los protocolos de neuroimagen cognitiva ya adquiere. La m\u00e1scara delimita ocho regiones corticales que, en pacientes cuyo Alzheimer comienza antes de los 65 a\u00f1os, se adelgazan antes y m\u00e1s r\u00e1pido que el resto del cerebro: corteza parietal medial y lateral, corteza temporal lateral posterior y \u00e1reas asociativas vinculadas a memoria, lenguaje y razonamiento.<\/p>\n<figure class=\"wp-block-image size-large\"><img decoding=\"async\" class=\"alignleft lazyload\" data-src=\"https:\/\/rtmedical.com.br\/wp-content\/uploads\/2026\/08\/rm-biomarcador-demencia-eoad.jpg\" alt=\"Resonancia magn\u00e9tica sagital del cerebro en un monitor de estaci\u00f3n de trabajo, con marcadores usados para medir atrofia cortical\" width=\"640\" src=\"data:image\/svg+xml;base64,PHN2ZyB3aWR0aD0iMSIgaGVpZ2h0PSIxIiB4bWxucz0iaHR0cDovL3d3dy53My5vcmcvMjAwMC9zdmciPjwvc3ZnPg==\" style=\"--smush-placeholder-width: 1880px; --smush-placeholder-aspect-ratio: 1880\/1253;\"><figcaption>La firma EOAD mide espesor cortical en ocho regiones de la RM estructural que ya se adquiere en el estudio de demencia. Foto: Anna Shvets\/Pexels<\/figcaption><\/figure>\n<p>La elecci\u00f3n de esas regiones no es arbitraria. Deriva de la topograf\u00eda bien descrita del Alzheimer de inicio precoz, que suele ser menos dependiente del hipocampo y m\u00e1s parietotemporal que la forma de inicio tard\u00edo. En lugar de preguntar \u00ab\u00bfel hipocampo est\u00e1 atr\u00f3fico?\u00bb, la firma calcula una puntuaci\u00f3n compuesta de espesor cortical en esas ocho \u00e1reas y la compara con la distribuci\u00f3n de controles cognitivamente normales de la misma edad. El resultado sale como un n\u00famero de desviaciones est\u00e1ndar \u2014 algo que un radi\u00f3logo puede escribir en el informe y un neur\u00f3logo puede seguir en el tiempo.<\/p>\n<p>Convertir im\u00e1genes en una m\u00e9trica reproducible sigue la misma l\u00f3gica que comentamos al cubrir la <a href=\"https:\/\/rtmedical.com.br\/es\/rm-movimento-cerebral-chiari\/\">RM de movimiento cerebral aplicada al pron\u00f3stico en la malformaci\u00f3n de Chiari<\/a>: la ganancia no viene de un equipo mejor, sino de extraer del examen existente un marcador que cierra en un n\u00famero.<\/p>\n<h2>Qu\u00e9 midi\u00f3 el estudio<\/h2>\n<p>El equipo dirigido por Alexandra Touroutoglou, PhD, de la Harvard Medical School, sigui\u00f3 a 130 personas de 40 a 64 a\u00f1os con DCL atribuido a enfermedad de Alzheimer de inicio precoz, m\u00e1s 97 participantes cognitivamente normales de la misma franja de edad que sirvieron para construir la referencia normativa. Todos tuvieron RM basal y al menos una revisi\u00f3n anual, con seguimiento medio de aproximadamente dos a\u00f1os.<\/p>\n<p>El desenlace fue duro y cl\u00ednicamente relevante: conversi\u00f3n de DCL a demencia, es decir, el momento en que la persona deja de ser funcionalmente independiente. Durante el seguimiento, 84 de 130 pacientes \u2014 el 65% \u2014 progresaron. Una mayor atrofia basal dentro de la firma EOAD se asoci\u00f3 con progresi\u00f3n m\u00e1s r\u00e1pida, con una raz\u00f3n de riesgo de 1,24 por desviaci\u00f3n est\u00e1ndar adicional de atrofia. Y el hallazgo que m\u00e1s importa en la pr\u00e1ctica: el marcador de imagen aport\u00f3 precisi\u00f3n pron\u00f3stica <em>m\u00e1s all\u00e1<\/em> de la gravedad cl\u00ednica basal. No era simplemente un sustituto de \u00abeste paciente ya est\u00e1 peor\u00bb.<\/p>\n<p>\u00abSe necesitan mejores herramientas para predecir cu\u00e1ndo alguien con Alzheimer de inicio precoz puede perder la independencia y progresar de DCL a demencia\u00bb, escribieron los autores \u2014 una frase que resume bien el vac\u00edo que el estudio intenta llenar. El trabajo apareci\u00f3 con el t\u00edtulo <em>EOAD-Signature Atrophy Predicts Dementia in Early-Onset MCI due to Alzheimer Disease<\/em> (DOI 10.1212\/WNL.0000000000218519).<\/p>\n<h2>Por qu\u00e9 la edad de inicio cambia el problema<\/h2>\n<p>El Alzheimer antes de los 65 a\u00f1os es una enfermedad distinta en la pr\u00e1ctica, aunque la patolog\u00eda molecular sea id\u00e9ntica. El paciente suele estar econ\u00f3micamente activo, con dependientes, contrato de trabajo, una hipoteca en curso. La pregunta en la consulta no es \u00ab\u00bftengo Alzheimer?\u00bb \u2014 ese diagn\u00f3stico ya lleg\u00f3. Es \u00ab\u00bfcu\u00e1nto tiempo me queda hasta no poder trabajar?\u00bb. El pron\u00f3stico, en ese escenario, tiene consecuencias jur\u00eddicas y financieras, no solo cl\u00ednicas.<\/p>\n<p>Hay adem\u00e1s una dimensi\u00f3n de investigaci\u00f3n. Los ensayos con anticuerpos antiamiloide necesitan enriquecer su muestra con pacientes que vayan a progresar dentro del horizonte del estudio; de lo contrario el brazo placebo genera pocos eventos y el ensayo pierde poder estad\u00edstico. Un marcador de imagen econ\u00f3mico que estratifica la velocidad de progresi\u00f3n reduce tama\u00f1o de muestra y costo de reclutamiento. Es el mismo movimiento visto en oncolog\u00eda de precisi\u00f3n y el que seguimos en la <a href=\"https:\/\/rtmedical.com.br\/es\/fda-pet-tau-lantheus-alzheimer\/\">aprobaci\u00f3n por la FDA del PET de tau de Lantheus para Alzheimer<\/a>: la imagen deja de ser confirmatoria y pasa a ser selectora.<\/p>\n<h2>Implicaciones para el informe y para el servicio<\/h2>\n<p>Tres consecuencias pr\u00e1cticas merecen la atenci\u00f3n de quien gestiona un servicio de imagen. Primero, la adquisici\u00f3n: la firma depende de una T1 volum\u00e9trica de buena calidad, casi isotr\u00f3pica y con el movimiento controlado. Si el protocolo de demencia del servicio todav\u00eda usa T1 2D con cortes gruesos, ning\u00fan an\u00e1lisis cuantitativo funcionar\u00e1. Revisar ese protocolo cuesta una tarde de f\u00edsica m\u00e9dica y ning\u00fan hardware.<\/p>\n<p>Segundo, el flujo de trabajo. El an\u00e1lisis volum\u00e9trico automatizado corre en minutos, pero necesita un camino definido: qui\u00e9n lo solicita, d\u00f3nde se guarda el resultado, c\u00f3mo entra en el informe estructurado. Los servicios que ya tienen posprocesamiento neurol\u00f3gico pueden incorporar el espesor cortical con poca fricci\u00f3n; los que no, deben decidir si su volumen de estudios de demencia justifica la inversi\u00f3n.<\/p>\n<p>Tercero, la comunicaci\u00f3n. Una puntuaci\u00f3n de atrofia es un n\u00famero con incertidumbre, no una sentencia. Traducir \u00ab1,8 desviaciones est\u00e1ndar por debajo de la media para la edad\u00bb a un lenguaje que el neur\u00f3logo y el paciente comprendan sin o\u00edr una profec\u00eda exige cuidado de redacci\u00f3n \u2014 el mismo cuidado detr\u00e1s de la <a href=\"https:\/\/rtmedical.com.br\/es\/acr-guia-resumo-ia-paciente\/\">gu\u00eda del ACR sobre res\u00famenes de informe dirigidos al paciente<\/a>.<\/p>\n<h2>Limitaciones y lo que viene<\/h2>\n<p>Las restricciones del estudio son expl\u00edcitas e importan. La firma fue desarrollada y probada en una sola poblaci\u00f3n, mayoritariamente blanca no hispana, lo que deja abierta la generalizaci\u00f3n: la atrofia cortical var\u00eda con la escolaridad, la comorbilidad vascular y la ascendencia, y un mapa calibrado en Boston puede no trasladarse bien a una cohorte latinoamericana. Dos a\u00f1os de seguimiento son poco para una enfermedad que se despliega en d\u00e9cadas, y una raz\u00f3n de riesgo de 1,24 por desviaci\u00f3n est\u00e1ndar, aunque estad\u00edsticamente s\u00f3lida, describe una tendencia poblacional y no un destino individual.<\/p>\n<p>El siguiente paso l\u00f3gico es la validaci\u00f3n externa multic\u00e9ntrica en cohortes diversas, seguida de una comparaci\u00f3n directa contra los biomarcadores en fluidos \u2014 sobre todo p-tau217 plasm\u00e1tico \u2014 que hoy dominan la conversaci\u00f3n diagn\u00f3stica del Alzheimer. El resultado m\u00e1s probable no es el reemplazo sino la combinaci\u00f3n: sangre para decir si hay patolog\u00eda amiloide, imagen para decir cu\u00e1nta corteza ya se perdi\u00f3 y a qu\u00e9 velocidad. En ese arreglo, la RM estructural deja de ser el examen que \u00abdescarta otras causas\u00bb y se convierte en el cron\u00f3metro de la enfermedad.<\/p>\n<p><strong>Fuente:<\/strong> <a href=\"https:\/\/www.auntminnie.com\/clinical-news\/mri\/article\/15833647\/mribased-biomarker-tool-can-predict-progression-to-dementia\" target=\"_blank\" rel=\"noopener\">AuntMinnie \u2014 MRI-based biomarker tool can predict progression to dementia<\/a><\/p>\n","protected":false},"excerpt":{"rendered":"<p>La firma EOAD en la RM mide atrofia cortical y anticipa qui\u00e9n pasa del DCL a la demencia. Vea las cifras y qu\u00e9 cambia en el informe.<\/p>\n","protected":false},"author":1,"featured_media":19159,"comment_status":"closed","ping_status":"closed","sticky":false,"template":"","format":"standard","meta":{"om_disable_all_campaigns":false,"_monsterinsights_skip_tracking":false,"_monsterinsights_sitenote_active":false,"_monsterinsights_sitenote_note":"","_monsterinsights_sitenote_category":0,"ngg_post_thumbnail":0,"_rt_cluster":"","fifu_image_url":"","fifu_image_alt":"","footnotes":""},"categories":[183],"tags":[],"class_list":["post-19182","post","type-post","status-publish","format-standard","has-post-thumbnail","category-radiologia-es"],"aioseo_notices":[],"rt_seo":{"title":"","description":"Un estudio en Neurology muestra que la firma EOAD en la RM predice la progresi\u00f3n del DCL a demencia precoz. Los datos y su impacto cl\u00ednico.","canonical":"","og_image":"","robots":"index,follow","schema_type":"Article","include_in_llms":true,"llms_label":"Firma EOAD en RM predice demencia","llms_summary":"Estudio de Neurology (agosto 2026, Harvard) en 130 pacientes con DCL por Alzheimer de inicio precoz: la firma EOAD de atrofia cortical en RM predice progresi\u00f3n a demencia (HR 1,24 por desviaci\u00f3n est\u00e1ndar), m\u00e1s all\u00e1 de la gravedad cl\u00ednica basal.","faq_items":[],"video":[],"gtin":"","mpn":"","brand":"","aggregate_rating":[]},"_links":{"self":[{"href":"https:\/\/rtmedical.com.br\/es\/wp-json\/wp\/v2\/posts\/19182\/"}],"collection":[{"href":"https:\/\/rtmedical.com.br\/es\/wp-json\/wp\/v2\/posts\/"}],"about":[{"href":"https:\/\/rtmedical.com.br\/es\/wp-json\/wp\/v2\/types\/post\/"}],"author":[{"embeddable":true,"href":"https:\/\/rtmedical.com.br\/es\/wp-json\/wp\/v2\/users\/1\/"}],"replies":[{"embeddable":true,"href":"https:\/\/rtmedical.com.br\/es\/wp-json\/wp\/v2\/comments\/?post=19182"}],"version-history":[{"count":1,"href":"https:\/\/rtmedical.com.br\/es\/wp-json\/wp\/v2\/posts\/19182\/revisions\/"}],"predecessor-version":[{"id":19184,"href":"https:\/\/rtmedical.com.br\/es\/wp-json\/wp\/v2\/posts\/19182\/revisions\/19184\/"}],"wp:featuredmedia":[{"embeddable":true,"href":"https:\/\/rtmedical.com.br\/es\/wp-json\/wp\/v2\/media\/19159\/"}],"wp:attachment":[{"href":"https:\/\/rtmedical.com.br\/es\/wp-json\/wp\/v2\/media\/?parent=19182"}],"wp:term":[{"taxonomy":"category","embeddable":true,"href":"https:\/\/rtmedical.com.br\/es\/wp-json\/wp\/v2\/categories\/?post=19182"},{"taxonomy":"post_tag","embeddable":true,"href":"https:\/\/rtmedical.com.br\/es\/wp-json\/wp\/v2\/tags\/?post=19182"}],"curies":[{"name":"wp","href":"https:\/\/api.w.org\/{rel}","templated":true}]}}